{"id":2003,"date":"2023-04-28T10:06:48","date_gmt":"2023-04-28T10:06:48","guid":{"rendered":"http:\/\/www.auracuidados.es\/webauracuidados\/?p=2003"},"modified":"2023-04-28T10:06:48","modified_gmt":"2023-04-28T10:06:48","slug":"nuestro-pionero-servicio-de-teleasistencia-sigue-creciendo","status":"publish","type":"post","link":"https:\/\/www.auracuidados.es\/webauracuidados\/?p=2003","title":{"rendered":"Nuestro pionero servicio de teleasistencia sigue creciendo"},"content":{"rendered":"<p>[et_pb_section fb_built=\u00bb1&#8243; _builder_version=\u00bb4.21.0&#8243; _module_preset=\u00bbdefault\u00bb custom_padding=\u00bb0px||0px|||\u00bb global_colors_info=\u00bb{}\u00bb][et_pb_row _builder_version=\u00bb4.21.0&#8243; _module_preset=\u00bbdefault\u00bb custom_padding=\u00bb0px|||||\u00bb][et_pb_column _builder_version=\u00bb4.21.0&#8243; _module_preset=\u00bbdefault\u00bb type=\u00bb4_4&#8243;][et_pb_image src=\u00bbhttp:\/\/www.auracuidados.es\/webauracuidados\/wp-content\/uploads\/2023\/04\/evcreciendo.jpg\u00bb _builder_version=\u00bb4.21.0&#8243; _module_preset=\u00bbdefault\u00bb title_text=\u00bbevcreciendo\u00bb hover_enabled=\u00bb0&#8243; sticky_enabled=\u00bb0&#8243; module_alignment=\u00bbcenter\u00bb width_last_edited=\u00bboff|desktop\u00bb max_width_last_edited=\u00bbon|desktop\u00bb max_width=\u00bb62%\u00bb max_width_tablet=\u00bb100%\u00bb max_width_phone=\u00bb100%\u00bb][\/et_pb_image][\/et_pb_column][\/et_pb_row][et_pb_row _builder_version=\u00bb4.21.0&#8243; _module_preset=\u00bbdefault\u00bb global_colors_info=\u00bb{}\u00bb custom_padding=\u00bb0px||0px|||\u00bb][et_pb_column type=\u00bb4_4&#8243; _builder_version=\u00bb4.21.0&#8243; _module_preset=\u00bbdefault\u00bb global_colors_info=\u00bb{}\u00bb][et_pb_text _builder_version=\u00bb4.21.0&#8243; _module_preset=\u00bbdefault\u00bb global_colors_info=\u00bb{}\u00bb]<\/p>\n<p>\u00a1Estamos de enhorabuena! El municipio de Sorihuela hace un segundo pedido de aparatos a Aura Cuidados. En un principio, seg\u00fan convenio firmado, se entregaron 20 dispositivos y debido a la demanda que han tenido entre las diferentes personas del municipio hicieron otro pedido aumentando as\u00ed el n\u00famero de personas que disfrutaran el servicio.<\/p>\n<p>Estamos muy contentos de la acogida y repercusi\u00f3n que est\u00e1 teniendo este servicio entre los diferentes municipios en los que se ha presentado. Como ya hemos mencionado en otras ocasiones, la atenci\u00f3n de estas personas y seguimiento se realiza a trav\u00e9s de un equipo de profesionales de Aura Cuidados las 24 horas del d\u00eda.<\/p>\n<p>Proximamente, hay otro municipio que firmar\u00e1 otro convenio parecido a este con nosotros. Lo anunciaremos y daremos m\u00e1s detalles cuando se produzca la firma entre este Ayuntamiento y Aura.<\/p>\n<p>Seguiremos trabajando d\u00eda a d\u00eda para que la familia de Aura siga creciendo.<\/p>\n<p>[\/et_pb_text][\/et_pb_column][\/et_pb_row][\/et_pb_section]<\/p>\n","protected":false},"excerpt":{"rendered":"<p>\u00a1Estamos de enhorabuena! El municipio de Sorihuela hace un segundo pedido de aparatos a Aura Cuidados. En un principio, seg\u00fan convenio firmado, se entregaron 20 dispositivos y debido a la demanda que han tenido entre las diferentes personas del municipio hicieron otro pedido aumentando as\u00ed el n\u00famero de personas que disfrutaran el servicio. Estamos muy [&hellip;]<\/p>\n","protected":false},"author":1,"featured_media":2006,"comment_status":"open","ping_status":"open","sticky":false,"template":"","format":"standard","meta":{"_et_pb_use_builder":"on","_et_pb_old_content":"","_et_gb_content_width":"2880","footnotes":""},"categories":[1],"tags":[],"class_list":["post-2003","post","type-post","status-publish","format-standard","has-post-thumbnail","hentry","category-sin-categoria"],"_links":{"self":[{"href":"https:\/\/www.auracuidados.es\/webauracuidados\/index.php?rest_route=\/wp\/v2\/posts\/2003","targetHints":{"allow":["GET"]}}],"collection":[{"href":"https:\/\/www.auracuidados.es\/webauracuidados\/index.php?rest_route=\/wp\/v2\/posts"}],"about":[{"href":"https:\/\/www.auracuidados.es\/webauracuidados\/index.php?rest_route=\/wp\/v2\/types\/post"}],"author":[{"embeddable":true,"href":"https:\/\/www.auracuidados.es\/webauracuidados\/index.php?rest_route=\/wp\/v2\/users\/1"}],"replies":[{"embeddable":true,"href":"https:\/\/www.auracuidados.es\/webauracuidados\/index.php?rest_route=%2Fwp%2Fv2%2Fcomments&post=2003"}],"version-history":[{"count":6,"href":"https:\/\/www.auracuidados.es\/webauracuidados\/index.php?rest_route=\/wp\/v2\/posts\/2003\/revisions"}],"predecessor-version":[{"id":2012,"href":"https:\/\/www.auracuidados.es\/webauracuidados\/index.php?rest_route=\/wp\/v2\/posts\/2003\/revisions\/2012"}],"wp:featuredmedia":[{"embeddable":true,"href":"https:\/\/www.auracuidados.es\/webauracuidados\/index.php?rest_route=\/wp\/v2\/media\/2006"}],"wp:attachment":[{"href":"https:\/\/www.auracuidados.es\/webauracuidados\/index.php?rest_route=%2Fwp%2Fv2%2Fmedia&parent=2003"}],"wp:term":[{"taxonomy":"category","embeddable":true,"href":"https:\/\/www.auracuidados.es\/webauracuidados\/index.php?rest_route=%2Fwp%2Fv2%2Fcategories&post=2003"},{"taxonomy":"post_tag","embeddable":true,"href":"https:\/\/www.auracuidados.es\/webauracuidados\/index.php?rest_route=%2Fwp%2Fv2%2Ftags&post=2003"}],"curies":[{"name":"wp","href":"https:\/\/api.w.org\/{rel}","templated":true}]}}